{"id":362,"date":"2018-05-21T01:00:35","date_gmt":"2018-05-20T23:00:35","guid":{"rendered":"http:\/\/www.privacytop.it\/?p=362"},"modified":"2018-05-20T10:08:13","modified_gmt":"2018-05-20T08:08:13","slug":"scadenza-termine-per-il-decreto-legislativo-che-raccorda-la-normativa-italiana-con-il-regolamento","status":"publish","type":"post","link":"https:\/\/www.privacytop.it\/index.php\/2018\/05\/21\/scadenza-termine-per-il-decreto-legislativo-che-raccorda-la-normativa-italiana-con-il-regolamento\/","title":{"rendered":"Scadenza termine per il Decreto Legislativo che raccorda la normativa italiana con il Regolamento"},"content":{"rendered":"<p>Oggi, 21 Maggio 2018, scade il termine per il Governo per esercitare la delega prevista dall&#8217;UE per adeguare la normativa nazionale al nuovo Regolamento GDPR.<\/p>\n<p>La proposta fatta ad inizio maggio \u00e8 ancora al vaglio dei tavoli tecnici e delle autorit\u00e0 competenti.<\/p>\n<p>Attendiamo fiduciosi&#8230;<\/p>\n<p>Nel frattempo il consiglio \u00e8 di continuare le attivit\u00e0 necessarie per adempiere agli obblighi del Regolamento in maniera serena e senza allarmismi, cogliendo l&#8217;occasione per fare il punto della situazione sulla propria gestione dei dati:\u00a0 procedure, documentazione e tecnologica.<\/p>\n<p>Sono questi infatti i temi principali legati a questa normativa, che possono essere estesi a tutti i dati aziendali, in un&#8217;ottica di revisione del trattamento dati in ambito operativo, legale ed informatico.<\/p>\n","protected":false},"excerpt":{"rendered":"<p>Oggi, 21 Maggio 2018, scade il termine per il Governo per esercitare la delega prevista dall&#8217;UE per adeguare la normativa nazionale al nuovo Regolamento GDPR. La proposta fatta ad inizio maggio \u00e8 ancora al vaglio dei tavoli tecnici e delle autorit\u00e0 competenti. Attendiamo fiduciosi&#8230; Nel frattempo il consiglio \u00e8 di continuare le attivit\u00e0 necessarie per &hellip; <\/p>\n<p class=\"link-more\"><a href=\"https:\/\/www.privacytop.it\/index.php\/2018\/05\/21\/scadenza-termine-per-il-decreto-legislativo-che-raccorda-la-normativa-italiana-con-il-regolamento\/\" class=\"more-link\">Leggi tutto<span class=\"screen-reader-text\"> &#8220;Scadenza termine per il Decreto Legislativo che raccorda la normativa italiana con il Regolamento&#8221;<\/span><\/a><\/p>\n","protected":false},"author":2,"featured_media":0,"comment_status":"open","ping_status":"open","sticky":false,"template":"","format":"standard","meta":[],"categories":[1],"tags":[],"_links":{"self":[{"href":"https:\/\/www.privacytop.it\/index.php\/wp-json\/wp\/v2\/posts\/362"}],"collection":[{"href":"https:\/\/www.privacytop.it\/index.php\/wp-json\/wp\/v2\/posts"}],"about":[{"href":"https:\/\/www.privacytop.it\/index.php\/wp-json\/wp\/v2\/types\/post"}],"author":[{"embeddable":true,"href":"https:\/\/www.privacytop.it\/index.php\/wp-json\/wp\/v2\/users\/2"}],"replies":[{"embeddable":true,"href":"https:\/\/www.privacytop.it\/index.php\/wp-json\/wp\/v2\/comments?post=362"}],"version-history":[{"count":3,"href":"https:\/\/www.privacytop.it\/index.php\/wp-json\/wp\/v2\/posts\/362\/revisions"}],"predecessor-version":[{"id":365,"href":"https:\/\/www.privacytop.it\/index.php\/wp-json\/wp\/v2\/posts\/362\/revisions\/365"}],"wp:attachment":[{"href":"https:\/\/www.privacytop.it\/index.php\/wp-json\/wp\/v2\/media?parent=362"}],"wp:term":[{"taxonomy":"category","embeddable":true,"href":"https:\/\/www.privacytop.it\/index.php\/wp-json\/wp\/v2\/categories?post=362"},{"taxonomy":"post_tag","embeddable":true,"href":"https:\/\/www.privacytop.it\/index.php\/wp-json\/wp\/v2\/tags?post=362"}],"curies":[{"name":"wp","href":"https:\/\/api.w.org\/{rel}","templated":true}]}}